{"id":83657,"date":"2022-08-09T14:37:13","date_gmt":"2022-08-09T18:37:13","guid":{"rendered":"https:\/\/uni.edu.py\/?p=83657"},"modified":"2022-08-09T14:37:13","modified_gmt":"2022-08-09T18:37:13","slug":"visita-tecnica-en-la-facaf-sede-general-artigas","status":"publish","type":"post","link":"https:\/\/archivo.uni.edu.py\/2018-2023\/2022\/08\/09\/visita-tecnica-en-la-facaf-sede-general-artigas\/","title":{"rendered":"VISITA T\u00c9CNICA EN LA FaCAF SEDE GENERAL ARTIGAS"},"content":{"rendered":"<div class=\"kvgmc6g5 cxmmr5t8 oygrvhab hcukyx3x c1et5uql ii04i59q\">\n<div dir=\"auto\">El mi\u00e9rcoles 03 de agosto del corriente, en la FaCAF- General Artigas, se recibi\u00f3 la visita de representantes de la Misi\u00f3n T\u00e9cnica de Taiwan, la Federaci\u00f3n de Cooperativas de Producci\u00f3n (FECOPROD) y la C\u00e1mara Paraguaya de Industriales l\u00e1cteos (CAPAINLAC).<\/div>\n<\/div>\n<div class=\"cxmmr5t8 oygrvhab hcukyx3x c1et5uql o9v6fnle ii04i59q\">\n<div dir=\"auto\">En la oportunidad, se abordaron importantes proyectos a desarrollarse el presente a\u00f1o dentro del Programa Fortalecimiento de la Capacidad del Sistema de Orientaci\u00f3n para las MIPYMES del Paraguay (FOMIPYMES).<\/div>\n<div dir=\"auto\">\n<div id='gallery-1' class='gallery galleryid-83657 gallery-columns-3 gallery-size-colormag-featured-image'><figure class='gallery-item'>\n\t\t\t<div class='gallery-icon landscape'>\n\t\t\t\t<a href='https:\/\/archivo.uni.edu.py\/2018-2023\/2022\/08\/09\/visita-tecnica-en-la-facaf-sede-general-artigas\/297008239_2197314477113363_2507524785139311967_n\/'><img width=\"800\" height=\"445\" src=\"https:\/\/archivo.uni.edu.py\/2018-2023\/wp-content\/uploads\/2022\/08\/297008239_2197314477113363_2507524785139311967_n-800x445.jpg\" class=\"attachment-colormag-featured-image size-colormag-featured-image\" alt=\"\" loading=\"lazy\" \/><\/a>\n\t\t\t<\/div><\/figure><figure class='gallery-item'>\n\t\t\t<div class='gallery-icon landscape'>\n\t\t\t\t<a href='https:\/\/archivo.uni.edu.py\/2018-2023\/2022\/08\/09\/visita-tecnica-en-la-facaf-sede-general-artigas\/297527656_2197314630446681_6342340215018593152_n\/'><img width=\"800\" height=\"445\" src=\"https:\/\/archivo.uni.edu.py\/2018-2023\/wp-content\/uploads\/2022\/08\/297527656_2197314630446681_6342340215018593152_n-800x445.jpg\" class=\"attachment-colormag-featured-image size-colormag-featured-image\" alt=\"\" loading=\"lazy\" \/><\/a>\n\t\t\t<\/div><\/figure><figure class='gallery-item'>\n\t\t\t<div class='gallery-icon landscape'>\n\t\t\t\t<a href='https:\/\/archivo.uni.edu.py\/2018-2023\/2022\/08\/09\/visita-tecnica-en-la-facaf-sede-general-artigas\/298405496_2197314653780012_611168433520237187_n\/'><img width=\"800\" height=\"445\" src=\"https:\/\/archivo.uni.edu.py\/2018-2023\/wp-content\/uploads\/2022\/08\/298405496_2197314653780012_611168433520237187_n-800x445.jpg\" class=\"attachment-colormag-featured-image size-colormag-featured-image\" alt=\"\" loading=\"lazy\" \/><\/a>\n\t\t\t<\/div><\/figure><figure class='gallery-item'>\n\t\t\t<div class='gallery-icon landscape'>\n\t\t\t\t<a href='https:\/\/archivo.uni.edu.py\/2018-2023\/2022\/08\/09\/visita-tecnica-en-la-facaf-sede-general-artigas\/298439098_2197314567113354_8261131432819890817_n\/'><img width=\"800\" height=\"445\" src=\"https:\/\/archivo.uni.edu.py\/2018-2023\/wp-content\/uploads\/2022\/08\/298439098_2197314567113354_8261131432819890817_n-800x445.jpg\" class=\"attachment-colormag-featured-image size-colormag-featured-image\" alt=\"\" loading=\"lazy\" \/><\/a>\n\t\t\t<\/div><\/figure><figure class='gallery-item'>\n\t\t\t<div class='gallery-icon landscape'>\n\t\t\t\t<a href='https:\/\/archivo.uni.edu.py\/2018-2023\/2022\/08\/09\/visita-tecnica-en-la-facaf-sede-general-artigas\/298568142_2197314467113364_2780264192750181580_n\/'><img width=\"800\" height=\"445\" src=\"https:\/\/archivo.uni.edu.py\/2018-2023\/wp-content\/uploads\/2022\/08\/298568142_2197314467113364_2780264192750181580_n-800x445.jpg\" class=\"attachment-colormag-featured-image size-colormag-featured-image\" alt=\"\" loading=\"lazy\" \/><\/a>\n\t\t\t<\/div><\/figure><figure class='gallery-item'>\n\t\t\t<div class='gallery-icon landscape'>\n\t\t\t\t<a href='https:\/\/archivo.uni.edu.py\/2018-2023\/2022\/08\/09\/visita-tecnica-en-la-facaf-sede-general-artigas\/298704748_2197314450446699_217231990832998488_n\/'><img width=\"800\" height=\"445\" src=\"https:\/\/archivo.uni.edu.py\/2018-2023\/wp-content\/uploads\/2022\/08\/298704748_2197314450446699_217231990832998488_n-800x445.jpg\" class=\"attachment-colormag-featured-image size-colormag-featured-image\" alt=\"\" loading=\"lazy\" \/><\/a>\n\t\t\t<\/div><\/figure>\n\t\t<\/div>\n\n<\/div>\n<\/div>\n","protected":false},"excerpt":{"rendered":"<p>El mi\u00e9rcoles 03 de agosto del corriente, en la FaCAF- General Artigas, se recibi\u00f3 la visita de representantes de la<\/p>\n","protected":false},"author":4,"featured_media":83658,"comment_status":"open","ping_status":"open","sticky":false,"template":"","format":"standard","meta":[],"categories":[749],"tags":[354],"_links":{"self":[{"href":"https:\/\/archivo.uni.edu.py\/2018-2023\/wp-json\/wp\/v2\/posts\/83657"}],"collection":[{"href":"https:\/\/archivo.uni.edu.py\/2018-2023\/wp-json\/wp\/v2\/posts"}],"about":[{"href":"https:\/\/archivo.uni.edu.py\/2018-2023\/wp-json\/wp\/v2\/types\/post"}],"author":[{"embeddable":true,"href":"https:\/\/archivo.uni.edu.py\/2018-2023\/wp-json\/wp\/v2\/users\/4"}],"replies":[{"embeddable":true,"href":"https:\/\/archivo.uni.edu.py\/2018-2023\/wp-json\/wp\/v2\/comments?post=83657"}],"version-history":[{"count":1,"href":"https:\/\/archivo.uni.edu.py\/2018-2023\/wp-json\/wp\/v2\/posts\/83657\/revisions"}],"predecessor-version":[{"id":83665,"href":"https:\/\/archivo.uni.edu.py\/2018-2023\/wp-json\/wp\/v2\/posts\/83657\/revisions\/83665"}],"wp:featuredmedia":[{"embeddable":true,"href":"https:\/\/archivo.uni.edu.py\/2018-2023\/wp-json\/wp\/v2\/media\/83658"}],"wp:attachment":[{"href":"https:\/\/archivo.uni.edu.py\/2018-2023\/wp-json\/wp\/v2\/media?parent=83657"}],"wp:term":[{"taxonomy":"category","embeddable":true,"href":"https:\/\/archivo.uni.edu.py\/2018-2023\/wp-json\/wp\/v2\/categories?post=83657"},{"taxonomy":"post_tag","embeddable":true,"href":"https:\/\/archivo.uni.edu.py\/2018-2023\/wp-json\/wp\/v2\/tags?post=83657"}],"curies":[{"name":"wp","href":"https:\/\/api.w.org\/{rel}","templated":true}]}}