{"id":83357,"date":"2022-07-28T20:44:07","date_gmt":"2022-07-29T00:44:07","guid":{"rendered":"https:\/\/uni.edu.py\/?p=83357"},"modified":"2022-07-28T20:44:07","modified_gmt":"2022-07-29T00:44:07","slug":"flamantes-nuevos-licenciados-en-matematica-y-en-ciencias-de-la-educacion-con-enfasis-en-matematica","status":"publish","type":"post","link":"https:\/\/archivo.uni.edu.py\/2018-2023\/2022\/07\/28\/flamantes-nuevos-licenciados-en-matematica-y-en-ciencias-de-la-educacion-con-enfasis-en-matematica\/","title":{"rendered":"Flamantes nuevos Licenciados en Matem\u00e1tica y en Ciencias de la Educaci\u00f3n con \u00c9nfasis en Matem\u00e1tica"},"content":{"rendered":"<p>La Facultad de Humanidades, Ciencias Sociales y Cultura Guaran\u00ed, con mucho orgullo, presenta a la comunidad educativa, a los flamantes Licenciados en Matem\u00e1tica y Licenciado en Ciencias de la Educaci\u00f3n con \u00c9nfasis en Matem\u00e1tica, quienes ayer mi\u00e9rcoles 27 de julio se lucieron con las presentaciones y defensas orales de sus Trabajos Finales de Grado, esta actividad fue coordinada por el Departamento de \u00a0Investigaci\u00f3n con la colaboraci\u00f3n de la docente de Tiempo Completo Dra. Maricel Paredes.<\/p>\n<p><strong>La n\u00f3mina de nuevos profesionales se detalla a continuaci\u00f3n:<\/strong><br \/>\nLicenciados en Matem\u00e1tica<br \/>\nCamila Beatriz Echeverr\u00eda L\u00f3pez<br \/>\nChristian David Rol\u00f3n Coronel<br \/>\nMar\u00eda Ver\u00f3nica Zarza Colman<br \/>\nSandra Elizabeth Ru\u00edz D\u00edaz Trussi<br \/>\nDomingo Fernando S\u00e1nchez Fern\u00e1ndez<br \/>\nFabiana Beatriz Encina Balbuena<br \/>\nLicenciado en Ciencias de la Educaci\u00f3n con \u00c9nfasis en Matem\u00e1tica<br \/>\nEnzo Ariel Ocampos<\/p>\n<p><strong>La Facultad agradece a los profesionales que conformaron la Comisi\u00f3n de Evaluaci\u00f3n:<\/strong><br \/>\nProf. Dr. Antonio Kiernyezny<br \/>\nProf. Dra. Carmen Luz Rivas<br \/>\nProf. Dr. F\u00e9lix Enrique Ayala<br \/>\nProf. Mg. Rossana Kirichik<br \/>\nProf. Lic. Carmen Talavera<br \/>\nProf. Dr. Pablo Kiernyezny Rovate<br \/>\nProf. Mg. Yenny Maidana<br \/>\nProf. Mg. Placida Balbuena<\/p>\n<div id='gallery-1' class='gallery galleryid-83357 gallery-columns-3 gallery-size-colormag-featured-image'><figure class='gallery-item'>\n\t\t\t<div class='gallery-icon portrait'>\n\t\t\t\t<a href='https:\/\/archivo.uni.edu.py\/2018-2023\/2022\/07\/28\/flamantes-nuevos-licenciados-en-matematica-y-en-ciencias-de-la-educacion-con-enfasis-en-matematica\/whatsapp-image-2022-07-27-at-3-17-46-pm-1\/'><img width=\"768\" height=\"445\" src=\"https:\/\/archivo.uni.edu.py\/2018-2023\/wp-content\/uploads\/2022\/07\/WhatsApp-Image-2022-07-27-at-3.17.46-PM-1-768x445.jpeg\" class=\"attachment-colormag-featured-image size-colormag-featured-image\" alt=\"\" loading=\"lazy\" \/><\/a>\n\t\t\t<\/div><\/figure><figure class='gallery-item'>\n\t\t\t<div class='gallery-icon portrait'>\n\t\t\t\t<a href='https:\/\/archivo.uni.edu.py\/2018-2023\/2022\/07\/28\/flamantes-nuevos-licenciados-en-matematica-y-en-ciencias-de-la-educacion-con-enfasis-en-matematica\/whatsapp-image-2022-07-27-at-3-17-46-pm-2\/'><img width=\"768\" height=\"445\" src=\"https:\/\/archivo.uni.edu.py\/2018-2023\/wp-content\/uploads\/2022\/07\/WhatsApp-Image-2022-07-27-at-3.17.46-PM-2-768x445.jpeg\" class=\"attachment-colormag-featured-image size-colormag-featured-image\" alt=\"\" loading=\"lazy\" \/><\/a>\n\t\t\t<\/div><\/figure><figure class='gallery-item'>\n\t\t\t<div class='gallery-icon portrait'>\n\t\t\t\t<a href='https:\/\/archivo.uni.edu.py\/2018-2023\/2022\/07\/28\/flamantes-nuevos-licenciados-en-matematica-y-en-ciencias-de-la-educacion-con-enfasis-en-matematica\/whatsapp-image-2022-07-27-at-3-17-46-pm\/'><img width=\"800\" height=\"445\" src=\"https:\/\/archivo.uni.edu.py\/2018-2023\/wp-content\/uploads\/2022\/07\/WhatsApp-Image-2022-07-27-at-3.17.46-PM-800x445.jpeg\" class=\"attachment-colormag-featured-image size-colormag-featured-image\" alt=\"\" loading=\"lazy\" \/><\/a>\n\t\t\t<\/div><\/figure><figure class='gallery-item'>\n\t\t\t<div class='gallery-icon landscape'>\n\t\t\t\t<a href='https:\/\/archivo.uni.edu.py\/2018-2023\/2022\/07\/28\/flamantes-nuevos-licenciados-en-matematica-y-en-ciencias-de-la-educacion-con-enfasis-en-matematica\/whatsapp-image-2022-07-27-at-3-19-26-pm\/'><img width=\"800\" height=\"445\" src=\"https:\/\/archivo.uni.edu.py\/2018-2023\/wp-content\/uploads\/2022\/07\/WhatsApp-Image-2022-07-27-at-3.19.26-PM-800x445.jpeg\" class=\"attachment-colormag-featured-image size-colormag-featured-image\" alt=\"\" loading=\"lazy\" \/><\/a>\n\t\t\t<\/div><\/figure><figure class='gallery-item'>\n\t\t\t<div class='gallery-icon landscape'>\n\t\t\t\t<a href='https:\/\/archivo.uni.edu.py\/2018-2023\/2022\/07\/28\/flamantes-nuevos-licenciados-en-matematica-y-en-ciencias-de-la-educacion-con-enfasis-en-matematica\/whatsapp-image-2022-07-27-at-3-19-28-pm\/'><img width=\"800\" height=\"445\" src=\"https:\/\/archivo.uni.edu.py\/2018-2023\/wp-content\/uploads\/2022\/07\/WhatsApp-Image-2022-07-27-at-3.19.28-PM-800x445.jpeg\" class=\"attachment-colormag-featured-image size-colormag-featured-image\" alt=\"\" loading=\"lazy\" \/><\/a>\n\t\t\t<\/div><\/figure><figure class='gallery-item'>\n\t\t\t<div class='gallery-icon landscape'>\n\t\t\t\t<a href='https:\/\/archivo.uni.edu.py\/2018-2023\/2022\/07\/28\/flamantes-nuevos-licenciados-en-matematica-y-en-ciencias-de-la-educacion-con-enfasis-en-matematica\/whatsapp-image-2022-07-27-at-3-19-29-pm-1\/'><img width=\"800\" height=\"445\" src=\"https:\/\/archivo.uni.edu.py\/2018-2023\/wp-content\/uploads\/2022\/07\/WhatsApp-Image-2022-07-27-at-3.19.29-PM-1-800x445.jpeg\" class=\"attachment-colormag-featured-image size-colormag-featured-image\" alt=\"\" loading=\"lazy\" \/><\/a>\n\t\t\t<\/div><\/figure><figure class='gallery-item'>\n\t\t\t<div class='gallery-icon landscape'>\n\t\t\t\t<a href='https:\/\/archivo.uni.edu.py\/2018-2023\/2022\/07\/28\/flamantes-nuevos-licenciados-en-matematica-y-en-ciencias-de-la-educacion-con-enfasis-en-matematica\/whatsapp-image-2022-07-27-at-3-19-29-pm-2\/'><img width=\"800\" height=\"445\" src=\"https:\/\/archivo.uni.edu.py\/2018-2023\/wp-content\/uploads\/2022\/07\/WhatsApp-Image-2022-07-27-at-3.19.29-PM-2-800x445.jpeg\" class=\"attachment-colormag-featured-image size-colormag-featured-image\" alt=\"\" loading=\"lazy\" \/><\/a>\n\t\t\t<\/div><\/figure><figure class='gallery-item'>\n\t\t\t<div class='gallery-icon landscape'>\n\t\t\t\t<a href='https:\/\/archivo.uni.edu.py\/2018-2023\/2022\/07\/28\/flamantes-nuevos-licenciados-en-matematica-y-en-ciencias-de-la-educacion-con-enfasis-en-matematica\/whatsapp-image-2022-07-27-at-3-19-29-pm\/'><img width=\"800\" height=\"445\" src=\"https:\/\/archivo.uni.edu.py\/2018-2023\/wp-content\/uploads\/2022\/07\/WhatsApp-Image-2022-07-27-at-3.19.29-PM-800x445.jpeg\" class=\"attachment-colormag-featured-image size-colormag-featured-image\" alt=\"\" loading=\"lazy\" \/><\/a>\n\t\t\t<\/div><\/figure><figure class='gallery-item'>\n\t\t\t<div class='gallery-icon landscape'>\n\t\t\t\t<a href='https:\/\/archivo.uni.edu.py\/2018-2023\/2022\/07\/28\/flamantes-nuevos-licenciados-en-matematica-y-en-ciencias-de-la-educacion-con-enfasis-en-matematica\/whatsapp-image-2022-07-27-at-3-19-30-pm\/'><img width=\"800\" height=\"445\" src=\"https:\/\/archivo.uni.edu.py\/2018-2023\/wp-content\/uploads\/2022\/07\/WhatsApp-Image-2022-07-27-at-3.19.30-PM-800x445.jpeg\" class=\"attachment-colormag-featured-image size-colormag-featured-image\" alt=\"\" loading=\"lazy\" \/><\/a>\n\t\t\t<\/div><\/figure><figure class='gallery-item'>\n\t\t\t<div class='gallery-icon landscape'>\n\t\t\t\t<a href='https:\/\/archivo.uni.edu.py\/2018-2023\/2022\/07\/28\/flamantes-nuevos-licenciados-en-matematica-y-en-ciencias-de-la-educacion-con-enfasis-en-matematica\/whatsapp-image-2022-07-27-at-3-34-04-pm\/'><img width=\"800\" height=\"445\" src=\"https:\/\/archivo.uni.edu.py\/2018-2023\/wp-content\/uploads\/2022\/07\/WhatsApp-Image-2022-07-27-at-3.34.04-PM-800x445.jpeg\" class=\"attachment-colormag-featured-image size-colormag-featured-image\" alt=\"\" loading=\"lazy\" \/><\/a>\n\t\t\t<\/div><\/figure><figure class='gallery-item'>\n\t\t\t<div class='gallery-icon landscape'>\n\t\t\t\t<a href='https:\/\/archivo.uni.edu.py\/2018-2023\/2022\/07\/28\/flamantes-nuevos-licenciados-en-matematica-y-en-ciencias-de-la-educacion-con-enfasis-en-matematica\/whatsapp-image-2022-07-27-at-3-34-05-pm\/'><img width=\"800\" height=\"445\" src=\"https:\/\/archivo.uni.edu.py\/2018-2023\/wp-content\/uploads\/2022\/07\/WhatsApp-Image-2022-07-27-at-3.34.05-PM-800x445.jpeg\" class=\"attachment-colormag-featured-image size-colormag-featured-image\" alt=\"\" loading=\"lazy\" \/><\/a>\n\t\t\t<\/div><\/figure><figure class='gallery-item'>\n\t\t\t<div class='gallery-icon landscape'>\n\t\t\t\t<a href='https:\/\/archivo.uni.edu.py\/2018-2023\/2022\/07\/28\/flamantes-nuevos-licenciados-en-matematica-y-en-ciencias-de-la-educacion-con-enfasis-en-matematica\/whatsapp-image-2022-07-27-at-4-03-23-pm\/'><img width=\"800\" height=\"445\" src=\"https:\/\/archivo.uni.edu.py\/2018-2023\/wp-content\/uploads\/2022\/07\/WhatsApp-Image-2022-07-27-at-4.03.23-PM-800x445.jpeg\" class=\"attachment-colormag-featured-image size-colormag-featured-image\" alt=\"\" loading=\"lazy\" \/><\/a>\n\t\t\t<\/div><\/figure><figure class='gallery-item'>\n\t\t\t<div class='gallery-icon landscape'>\n\t\t\t\t<a href='https:\/\/archivo.uni.edu.py\/2018-2023\/2022\/07\/28\/flamantes-nuevos-licenciados-en-matematica-y-en-ciencias-de-la-educacion-con-enfasis-en-matematica\/whatsapp-image-2022-07-27-at-4-03-24-pm\/'><img width=\"800\" height=\"445\" src=\"https:\/\/archivo.uni.edu.py\/2018-2023\/wp-content\/uploads\/2022\/07\/WhatsApp-Image-2022-07-27-at-4.03.24-PM-800x445.jpeg\" class=\"attachment-colormag-featured-image size-colormag-featured-image\" alt=\"\" loading=\"lazy\" \/><\/a>\n\t\t\t<\/div><\/figure><figure class='gallery-item'>\n\t\t\t<div class='gallery-icon landscape'>\n\t\t\t\t<a href='https:\/\/archivo.uni.edu.py\/2018-2023\/2022\/07\/28\/flamantes-nuevos-licenciados-en-matematica-y-en-ciencias-de-la-educacion-con-enfasis-en-matematica\/whatsapp-image-2022-07-27-at-4-03-25-pm\/'><img width=\"800\" height=\"445\" src=\"https:\/\/archivo.uni.edu.py\/2018-2023\/wp-content\/uploads\/2022\/07\/WhatsApp-Image-2022-07-27-at-4.03.25-PM-800x445.jpeg\" class=\"attachment-colormag-featured-image size-colormag-featured-image\" alt=\"\" loading=\"lazy\" \/><\/a>\n\t\t\t<\/div><\/figure><figure class='gallery-item'>\n\t\t\t<div class='gallery-icon portrait'>\n\t\t\t\t<a href='https:\/\/archivo.uni.edu.py\/2018-2023\/2022\/07\/28\/flamantes-nuevos-licenciados-en-matematica-y-en-ciencias-de-la-educacion-con-enfasis-en-matematica\/whatsapp-image-2022-07-27-at-4-32-48-pm\/'><img width=\"800\" height=\"445\" src=\"https:\/\/archivo.uni.edu.py\/2018-2023\/wp-content\/uploads\/2022\/07\/WhatsApp-Image-2022-07-27-at-4.32.48-PM-800x445.jpeg\" class=\"attachment-colormag-featured-image size-colormag-featured-image\" alt=\"\" loading=\"lazy\" \/><\/a>\n\t\t\t<\/div><\/figure><figure class='gallery-item'>\n\t\t\t<div class='gallery-icon portrait'>\n\t\t\t\t<a href='https:\/\/archivo.uni.edu.py\/2018-2023\/2022\/07\/28\/flamantes-nuevos-licenciados-en-matematica-y-en-ciencias-de-la-educacion-con-enfasis-en-matematica\/whatsapp-image-2022-07-27-at-4-32-49-pm\/'><img width=\"800\" height=\"445\" src=\"https:\/\/archivo.uni.edu.py\/2018-2023\/wp-content\/uploads\/2022\/07\/WhatsApp-Image-2022-07-27-at-4.32.49-PM-800x445.jpeg\" class=\"attachment-colormag-featured-image size-colormag-featured-image\" alt=\"\" loading=\"lazy\" \/><\/a>\n\t\t\t<\/div><\/figure><figure class='gallery-item'>\n\t\t\t<div class='gallery-icon landscape'>\n\t\t\t\t<a href='https:\/\/archivo.uni.edu.py\/2018-2023\/2022\/07\/28\/flamantes-nuevos-licenciados-en-matematica-y-en-ciencias-de-la-educacion-con-enfasis-en-matematica\/whatsapp-image-2022-07-27-at-4-32-50-pm\/'><img width=\"800\" height=\"445\" src=\"https:\/\/archivo.uni.edu.py\/2018-2023\/wp-content\/uploads\/2022\/07\/WhatsApp-Image-2022-07-27-at-4.32.50-PM-800x445.jpeg\" class=\"attachment-colormag-featured-image size-colormag-featured-image\" alt=\"\" loading=\"lazy\" \/><\/a>\n\t\t\t<\/div><\/figure><figure class='gallery-item'>\n\t\t\t<div class='gallery-icon landscape'>\n\t\t\t\t<a href='https:\/\/archivo.uni.edu.py\/2018-2023\/2022\/07\/28\/flamantes-nuevos-licenciados-en-matematica-y-en-ciencias-de-la-educacion-con-enfasis-en-matematica\/whatsapp-image-2022-07-27-at-5-35-56-pm\/'><img width=\"800\" height=\"445\" src=\"https:\/\/archivo.uni.edu.py\/2018-2023\/wp-content\/uploads\/2022\/07\/WhatsApp-Image-2022-07-27-at-5.35.56-PM-800x445.jpeg\" class=\"attachment-colormag-featured-image size-colormag-featured-image\" alt=\"\" loading=\"lazy\" \/><\/a>\n\t\t\t<\/div><\/figure>\n\t\t<\/div>\n\n","protected":false},"excerpt":{"rendered":"<p>La Facultad de Humanidades, Ciencias Sociales y Cultura Guaran\u00ed, con mucho orgullo, presenta a la comunidad educativa, a los flamantes<\/p>\n","protected":false},"author":4,"featured_media":83358,"comment_status":"open","ping_status":"open","sticky":false,"template":"","format":"standard","meta":[],"categories":[746],"tags":[353],"_links":{"self":[{"href":"https:\/\/archivo.uni.edu.py\/2018-2023\/wp-json\/wp\/v2\/posts\/83357"}],"collection":[{"href":"https:\/\/archivo.uni.edu.py\/2018-2023\/wp-json\/wp\/v2\/posts"}],"about":[{"href":"https:\/\/archivo.uni.edu.py\/2018-2023\/wp-json\/wp\/v2\/types\/post"}],"author":[{"embeddable":true,"href":"https:\/\/archivo.uni.edu.py\/2018-2023\/wp-json\/wp\/v2\/users\/4"}],"replies":[{"embeddable":true,"href":"https:\/\/archivo.uni.edu.py\/2018-2023\/wp-json\/wp\/v2\/comments?post=83357"}],"version-history":[{"count":1,"href":"https:\/\/archivo.uni.edu.py\/2018-2023\/wp-json\/wp\/v2\/posts\/83357\/revisions"}],"predecessor-version":[{"id":83377,"href":"https:\/\/archivo.uni.edu.py\/2018-2023\/wp-json\/wp\/v2\/posts\/83357\/revisions\/83377"}],"wp:featuredmedia":[{"embeddable":true,"href":"https:\/\/archivo.uni.edu.py\/2018-2023\/wp-json\/wp\/v2\/media\/83358"}],"wp:attachment":[{"href":"https:\/\/archivo.uni.edu.py\/2018-2023\/wp-json\/wp\/v2\/media?parent=83357"}],"wp:term":[{"taxonomy":"category","embeddable":true,"href":"https:\/\/archivo.uni.edu.py\/2018-2023\/wp-json\/wp\/v2\/categories?post=83357"},{"taxonomy":"post_tag","embeddable":true,"href":"https:\/\/archivo.uni.edu.py\/2018-2023\/wp-json\/wp\/v2\/tags?post=83357"}],"curies":[{"name":"wp","href":"https:\/\/api.w.org\/{rel}","templated":true}]}}