{"id":81024,"date":"2022-05-16T18:56:31","date_gmt":"2022-05-16T22:56:31","guid":{"rendered":"https:\/\/uni.edu.py\/?p=81024"},"modified":"2022-05-16T18:56:31","modified_gmt":"2022-05-16T22:56:31","slug":"ii-seminario-internacional-extendiendo-capsulas-de-saberes-de-etica-ciencia-psicologia-e-inclusion-en-la-comunidad","status":"publish","type":"post","link":"https:\/\/archivo.uni.edu.py\/2018-2023\/2022\/05\/16\/ii-seminario-internacional-extendiendo-capsulas-de-saberes-de-etica-ciencia-psicologia-e-inclusion-en-la-comunidad\/","title":{"rendered":"II Seminario Internacional \u201cExtendiendo C\u00e1psulas de saberes de \u00e9tica, ciencia, psicolog\u00eda e inclusi\u00f3n en la comunidad\u201d"},"content":{"rendered":"<p>Inici\u00f3 el Seminario Internacional en el \u00e1mbito del proyecto \u201cExtendiendo c\u00e1psulas de saberes de \u00e9tica, ciencias, psicolog\u00eda e inclusi\u00f3n en la comunidad\u201d que se desarrolla en forma h\u00edbrida del 16 al 20 de mayo organizado por la Facultad de Humanidades Ciencias Sociales y Cultura Guaran\u00ed.<\/p>\n<p>El lanzamiento oficial del Seminario se inici\u00f3 con la ponencia del Prof. Julio Pereyra \u2013Uruguay\/Argentina- con el tema \u201cIN o DIS-CAPACIDAD: La eugenesia educativa\u201d.<\/p>\n<p>Estuvieron presentes decanos, directores, catedr\u00e1ticos, estudiantes de la Universidad y participantes de diversos otras instituciones y profesionales.<\/p>\n<p>El citado proyecto, trata de aportar saberes en forma cr\u00edtica, innovadora, actualizada los resultados y logros de investigaciones realizadas por expertos nacionals e internacionales desde el aula, extensi\u00f3n y docencia en educaci\u00f3n superior.<\/p>\n<p>Los trabajos dan cuenta del proceso permanente de ense\u00f1anza aprendizaje, investigaci\u00f3n e innovaci\u00f3n que se desarrolla en el \u00e1mbito institucional con el objeto de mejorar la calidad educativa, teniendo en cuenta la funci\u00f3n social de la Universdiad y la diversidad de intereses y necesidades de la comunidad.<\/p>\n<p>Durante el seminario se realizar\u00e1n ponencias presenciales y virtuales a cargo de referentes internacionales, quiees abordar\u00e1n temas claves y transversales a toda profesi\u00f3n como ser la formaci\u00f3n \u00e9tica para garantizar la inclusi\u00f3n social efectiva, adem\u00e1s de velar por la calidad de vidad\u00a0 de las personas y respetando la diversidad individual y sociocultural con fundamentos y principios \u00e9ticos que ata\u00f1en al quehacer profesional y cient\u00edfico.<\/p>\n<p>El Seminario fue declarado de Inter\u00e9s Institucional por la Facultad de Humanidades, Ciencias Sociales y Cultura Guaran\u00ed por Resoluci\u00f3n CD N\u00ba 026\/2022, del 26 de abril de 2022.<\/p>\n<div id='gallery-1' class='gallery galleryid-81024 gallery-columns-3 gallery-size-colormag-featured-image'><figure class='gallery-item'>\n\t\t\t<div class='gallery-icon landscape'>\n\t\t\t\t<a href='https:\/\/archivo.uni.edu.py\/2018-2023\/2022\/05\/16\/ii-seminario-internacional-extendiendo-capsulas-de-saberes-de-etica-ciencia-psicologia-e-inclusion-en-la-comunidad\/20220516_184531\/'><img width=\"800\" height=\"445\" src=\"https:\/\/archivo.uni.edu.py\/2018-2023\/wp-content\/uploads\/2022\/05\/20220516_184531-800x445.jpg\" class=\"attachment-colormag-featured-image size-colormag-featured-image\" alt=\"\" loading=\"lazy\" \/><\/a>\n\t\t\t<\/div><\/figure><figure class='gallery-item'>\n\t\t\t<div class='gallery-icon landscape'>\n\t\t\t\t<a href='https:\/\/archivo.uni.edu.py\/2018-2023\/2022\/05\/16\/ii-seminario-internacional-extendiendo-capsulas-de-saberes-de-etica-ciencia-psicologia-e-inclusion-en-la-comunidad\/2-559\/'><img width=\"800\" height=\"445\" src=\"https:\/\/archivo.uni.edu.py\/2018-2023\/wp-content\/uploads\/2022\/05\/2-10-800x445.jpg\" class=\"attachment-colormag-featured-image size-colormag-featured-image\" alt=\"\" loading=\"lazy\" \/><\/a>\n\t\t\t<\/div><\/figure><figure class='gallery-item'>\n\t\t\t<div class='gallery-icon landscape'>\n\t\t\t\t<a href='https:\/\/archivo.uni.edu.py\/2018-2023\/2022\/05\/16\/ii-seminario-internacional-extendiendo-capsulas-de-saberes-de-etica-ciencia-psicologia-e-inclusion-en-la-comunidad\/20220516_184309\/'><img width=\"800\" height=\"445\" src=\"https:\/\/archivo.uni.edu.py\/2018-2023\/wp-content\/uploads\/2022\/05\/20220516_184309-800x445.jpg\" class=\"attachment-colormag-featured-image size-colormag-featured-image\" alt=\"\" loading=\"lazy\" \/><\/a>\n\t\t\t<\/div><\/figure><figure class='gallery-item'>\n\t\t\t<div class='gallery-icon landscape'>\n\t\t\t\t<a href='https:\/\/archivo.uni.edu.py\/2018-2023\/2022\/05\/16\/ii-seminario-internacional-extendiendo-capsulas-de-saberes-de-etica-ciencia-psicologia-e-inclusion-en-la-comunidad\/20220516_184314\/'><img width=\"800\" height=\"445\" src=\"https:\/\/archivo.uni.edu.py\/2018-2023\/wp-content\/uploads\/2022\/05\/20220516_184314-800x445.jpg\" class=\"attachment-colormag-featured-image size-colormag-featured-image\" alt=\"\" loading=\"lazy\" \/><\/a>\n\t\t\t<\/div><\/figure><figure class='gallery-item'>\n\t\t\t<div class='gallery-icon landscape'>\n\t\t\t\t<a href='https:\/\/archivo.uni.edu.py\/2018-2023\/2022\/05\/16\/ii-seminario-internacional-extendiendo-capsulas-de-saberes-de-etica-ciencia-psicologia-e-inclusion-en-la-comunidad\/20220516_184341\/'><img width=\"800\" height=\"445\" src=\"https:\/\/archivo.uni.edu.py\/2018-2023\/wp-content\/uploads\/2022\/05\/20220516_184341-800x445.jpg\" class=\"attachment-colormag-featured-image size-colormag-featured-image\" alt=\"\" loading=\"lazy\" \/><\/a>\n\t\t\t<\/div><\/figure><figure class='gallery-item'>\n\t\t\t<div class='gallery-icon landscape'>\n\t\t\t\t<a href='https:\/\/archivo.uni.edu.py\/2018-2023\/2022\/05\/16\/ii-seminario-internacional-extendiendo-capsulas-de-saberes-de-etica-ciencia-psicologia-e-inclusion-en-la-comunidad\/20220516_184504\/'><img width=\"800\" height=\"445\" src=\"https:\/\/archivo.uni.edu.py\/2018-2023\/wp-content\/uploads\/2022\/05\/20220516_184504-800x445.jpg\" class=\"attachment-colormag-featured-image size-colormag-featured-image\" alt=\"\" loading=\"lazy\" \/><\/a>\n\t\t\t<\/div><\/figure>\n\t\t<\/div>\n\n","protected":false},"excerpt":{"rendered":"<p>Inici\u00f3 el Seminario Internacional en el \u00e1mbito del proyecto \u201cExtendiendo c\u00e1psulas de saberes de \u00e9tica, ciencias, psicolog\u00eda e inclusi\u00f3n en<\/p>\n","protected":false},"author":4,"featured_media":81025,"comment_status":"open","ping_status":"open","sticky":false,"template":"","format":"standard","meta":[],"categories":[746],"tags":[353],"_links":{"self":[{"href":"https:\/\/archivo.uni.edu.py\/2018-2023\/wp-json\/wp\/v2\/posts\/81024"}],"collection":[{"href":"https:\/\/archivo.uni.edu.py\/2018-2023\/wp-json\/wp\/v2\/posts"}],"about":[{"href":"https:\/\/archivo.uni.edu.py\/2018-2023\/wp-json\/wp\/v2\/types\/post"}],"author":[{"embeddable":true,"href":"https:\/\/archivo.uni.edu.py\/2018-2023\/wp-json\/wp\/v2\/users\/4"}],"replies":[{"embeddable":true,"href":"https:\/\/archivo.uni.edu.py\/2018-2023\/wp-json\/wp\/v2\/comments?post=81024"}],"version-history":[{"count":1,"href":"https:\/\/archivo.uni.edu.py\/2018-2023\/wp-json\/wp\/v2\/posts\/81024\/revisions"}],"predecessor-version":[{"id":81032,"href":"https:\/\/archivo.uni.edu.py\/2018-2023\/wp-json\/wp\/v2\/posts\/81024\/revisions\/81032"}],"wp:featuredmedia":[{"embeddable":true,"href":"https:\/\/archivo.uni.edu.py\/2018-2023\/wp-json\/wp\/v2\/media\/81025"}],"wp:attachment":[{"href":"https:\/\/archivo.uni.edu.py\/2018-2023\/wp-json\/wp\/v2\/media?parent=81024"}],"wp:term":[{"taxonomy":"category","embeddable":true,"href":"https:\/\/archivo.uni.edu.py\/2018-2023\/wp-json\/wp\/v2\/categories?post=81024"},{"taxonomy":"post_tag","embeddable":true,"href":"https:\/\/archivo.uni.edu.py\/2018-2023\/wp-json\/wp\/v2\/tags?post=81024"}],"curies":[{"name":"wp","href":"https:\/\/api.w.org\/{rel}","templated":true}]}}