{"id":80568,"date":"2022-04-27T15:27:51","date_gmt":"2022-04-27T19:27:51","guid":{"rendered":"https:\/\/uni.edu.py\/?p=80568"},"modified":"2022-04-28T10:45:46","modified_gmt":"2022-04-28T14:45:46","slug":"biblioteca-abierta-ciencia-y-cultura-en-conmemoracion-del-dia-del-libro","status":"publish","type":"post","link":"https:\/\/archivo.uni.edu.py\/2018-2023\/2022\/04\/27\/biblioteca-abierta-ciencia-y-cultura-en-conmemoracion-del-dia-del-libro\/","title":{"rendered":"\u201cBIBLIOTECA ABIERTA: CIENCIA Y CULTURA\u201d EN CONMEMORACI\u00d3N DEL D\u00cdA DEL LIBRO"},"content":{"rendered":"<p>La Facultad de Medicina- CRIMED, de la Universidad Nacional de Itapu\u00e1 (UNI), en Conmemoraci\u00f3n del D\u00eda del Libro, lleva adelante la actividad denominada Biblioteca Abierta: Ciencia y Cultura, a realizarse el 29 de abril del 2022, de 08:00 a 15:00 hs., en la Facultad de Medicina, destinado a docentes, investigadores y funcionarios.<\/p>\n<p>Los responsables del proyecto son Msc. Rosal\u00eda Vel\u00e1zquez. Encargada del CRIMED y la T\u00e9c. Mar\u00eda Lourdes Galeano. Auxiliar del CRIMED.<\/p>\n<p>Cabe destacar que cada 23 de abril se recuerda el d\u00eda internacional del libro. La Biblioteca tiene como objetivo apoyar las labores de docencia e investigaci\u00f3n dando \u00e9nfasis al concepto de Biblioteca abierta, donde se permite el acceso a la informaci\u00f3n especializada y general, al conocimiento cient\u00edfico, al arte y la cultura. Considerando esto el Centro de Recursos de Informaci\u00f3n M\u00e9dica CRIMED, organiza este evento enlazando lo cient\u00edfico y cultural, propiciando espacios y oportunidades para los valores encarnacenos.<\/p>\n<p>El objetivo es conmemorar el d\u00eda del Libro y propiciar un espacio de encuentro, formaci\u00f3n y oportunidades.<\/p>\n<p>\u00a0<\/p>\n<p><strong>PROGRAMA<\/strong><\/p>\n<p><strong>Viernes 29<\/strong><\/p>\n<p>08:00 a 15:00\u00a0\u00a0\u00a0\u00a0\u00a0\u00a0\u00a0\u00a0 &#8211; Apertura del CRIMED para visita abierta de los usuarios<\/p>\n<p>08:00 a 15:00\u00a0\u00a0\u00a0\u00a0\u00a0\u00a0\u00a0\u00a0 &#8211; Exposici\u00f3n de obras. Grupo Aty Guaz\u00fa<\/p>\n<p>10:30 a 10:50\u00a0\u00a0\u00a0\u00a0\u00a0\u00a0\u00a0\u00a0 -Apertura del acto cultural. Dr. Ra\u00fal Vir\u00e9. Vice Decano de la FM<\/p>\n<p>11:00 a 11:30\u00a0\u00a0\u00a0\u00a0\u00a0\u00a0\u00a0\u00a0 &#8211; Disertaci\u00f3n \u201c100 a\u00f1os de Medicina en Encarnaci\u00f3n\u201d. Prof. Julio Sotelo<\/p>\n<p>&#8211; Declamaci\u00f3n de Poes\u00edas de autor\u00eda propia. Julia Mart\u00ednez<\/p>\n<p>&#8211; Declamaci\u00f3n de Poes\u00eda de autor\u00eda propia. Mar\u00eda Nidia Decoud<\/p>\n<p>11:30 a 11:50\u00a0\u00a0\u00a0\u00a0\u00a0\u00a0\u00a0\u00a0 &#8211; Recital de poes\u00eda con interacci\u00f3n pl\u00e1stica. Yampier B\u00e1ez, Federico<\/p>\n<p>Vera<\/p>\n<p>11:50 a 12: 00\u00a0\u00a0\u00a0\u00a0\u00a0\u00a0\u00a0 &#8211; Cierre del acto y entrega de certificado de agradecimiento al grupo<\/p>\n<p>Aty Guaz\u00fa y a la Sociedad de escritores del Paraguay. Filial Itap\u00faa.<\/p>\n<p>Dr. Claudio D\u00edaz de Viva. Decano de la FM-UNI.<\/p>\n<p>11:50 a 12:00\u00a0\u00a0\u00a0\u00a0\u00a0\u00a0\u00a0\u00a0 &#8211; Break<\/p>\n<p>13:00 a 13:50\u00a0\u00a0\u00a0\u00a0\u00a0\u00a0\u00a0 \u00a0&#8211; Inducci\u00f3n &#8211; CRIMED<\/p>\n<p>14:00 a 15:00\u00a0\u00a0\u00a0\u00a0\u00a0\u00a0\u00a0\u00a0 &#8211; Conocimiento de Recursos de Informaci\u00f3n virtual- CICCO<\/p>\n<p>15:00 a 15:10\u00a0\u00a0\u00a0\u00a0\u00a0\u00a0\u00a0\u00a0 -Sorteos y Cierre de la capacitaci\u00f3n.<\/p>\n<p>\u00a0<\/p>\n\n\n<figure class=\"wp-block-image size-large\"><img loading=\"lazy\" width=\"1024\" height=\"1024\" src=\"https:\/\/uni.edu.py\/wp-content\/uploads\/2022\/04\/medicina-libros-1024x1024.jpeg\" alt=\"\" class=\"wp-image-80584\" srcset=\"https:\/\/archivo.uni.edu.py\/2018-2023\/wp-content\/uploads\/2022\/04\/medicina-libros-1024x1024.jpeg 1024w, https:\/\/archivo.uni.edu.py\/2018-2023\/wp-content\/uploads\/2022\/04\/medicina-libros-300x300.jpeg 300w, https:\/\/archivo.uni.edu.py\/2018-2023\/wp-content\/uploads\/2022\/04\/medicina-libros-150x150.jpeg 150w, https:\/\/archivo.uni.edu.py\/2018-2023\/wp-content\/uploads\/2022\/04\/medicina-libros-768x768.jpeg 768w, https:\/\/archivo.uni.edu.py\/2018-2023\/wp-content\/uploads\/2022\/04\/medicina-libros.jpeg 1080w\" sizes=\"(max-width: 1024px) 100vw, 1024px\" \/><\/figure>\n","protected":false},"excerpt":{"rendered":"<p>La Facultad de Medicina- CRIMED, de la Universidad Nacional de Itapu\u00e1 (UNI), en Conmemoraci\u00f3n del D\u00eda del Libro, lleva adelante<\/p>\n","protected":false},"author":4,"featured_media":80584,"comment_status":"open","ping_status":"open","sticky":false,"template":"","format":"standard","meta":[],"categories":[746],"tags":[350],"_links":{"self":[{"href":"https:\/\/archivo.uni.edu.py\/2018-2023\/wp-json\/wp\/v2\/posts\/80568"}],"collection":[{"href":"https:\/\/archivo.uni.edu.py\/2018-2023\/wp-json\/wp\/v2\/posts"}],"about":[{"href":"https:\/\/archivo.uni.edu.py\/2018-2023\/wp-json\/wp\/v2\/types\/post"}],"author":[{"embeddable":true,"href":"https:\/\/archivo.uni.edu.py\/2018-2023\/wp-json\/wp\/v2\/users\/4"}],"replies":[{"embeddable":true,"href":"https:\/\/archivo.uni.edu.py\/2018-2023\/wp-json\/wp\/v2\/comments?post=80568"}],"version-history":[{"count":2,"href":"https:\/\/archivo.uni.edu.py\/2018-2023\/wp-json\/wp\/v2\/posts\/80568\/revisions"}],"predecessor-version":[{"id":80586,"href":"https:\/\/archivo.uni.edu.py\/2018-2023\/wp-json\/wp\/v2\/posts\/80568\/revisions\/80586"}],"wp:featuredmedia":[{"embeddable":true,"href":"https:\/\/archivo.uni.edu.py\/2018-2023\/wp-json\/wp\/v2\/media\/80584"}],"wp:attachment":[{"href":"https:\/\/archivo.uni.edu.py\/2018-2023\/wp-json\/wp\/v2\/media?parent=80568"}],"wp:term":[{"taxonomy":"category","embeddable":true,"href":"https:\/\/archivo.uni.edu.py\/2018-2023\/wp-json\/wp\/v2\/categories?post=80568"},{"taxonomy":"post_tag","embeddable":true,"href":"https:\/\/archivo.uni.edu.py\/2018-2023\/wp-json\/wp\/v2\/tags?post=80568"}],"curies":[{"name":"wp","href":"https:\/\/api.w.org\/{rel}","templated":true}]}}