{"id":79349,"date":"2022-03-07T16:15:56","date_gmt":"2022-03-07T19:15:56","guid":{"rendered":"https:\/\/uni.edu.py\/?p=79349"},"modified":"2022-03-07T16:15:56","modified_gmt":"2022-03-07T19:15:56","slug":"inicio-de-la-actividades-academicas-de-la-facultad-de-medicina-uni-homenaje-postumo-al-primer-decano-prof-dr-eduardo-mingo-y-homenaje-a-la-gobernacion-de-itapua","status":"publish","type":"post","link":"https:\/\/archivo.uni.edu.py\/2018-2023\/2022\/03\/07\/inicio-de-la-actividades-academicas-de-la-facultad-de-medicina-uni-homenaje-postumo-al-primer-decano-prof-dr-eduardo-mingo-y-homenaje-a-la-gobernacion-de-itapua\/","title":{"rendered":"Inicio de la Actividades Acad\u00e9micas de la Facultad de Medicina UNI \u201cHomenaje P\u00f3stumo al Primer Decano Prof. Dr. Eduardo Mingo\u201d y \u201cHomenaje a la Gobernaci\u00f3n de Itap\u00faa"},"content":{"rendered":"<div class=\"single-post-content-text content-pad\">\n<p>Con la presencia del Se\u00f1or Rector de la Universidad Nacional de Itap\u00faa, Prof. Ing. Hildegardo Gonz\u00e1lez, autoridades, docentes, funcionarios, estudiantes de la Facultad de Medicina UNI y representantes de la Gobernaci\u00f3n de Itap\u00faa, se llev\u00f3 a cabo en la fecha, a partir de las 08:00h, en el aula magna del nuevo edificio de la esta facultad, el inicio de las actividades acad\u00e9micas de la instituci\u00f3n y \u201cHomenaje P\u00f3stumo al Primer Decano Prof. Dr. Eduardo Mingo\u201d y \u201cHomenaje a la Gobernaci\u00f3n del Departamento de Itap\u00faa\u201d.<\/p>\n<p>La apertura del evento, estuvo a cargo del Decano Dr. Claudio D\u00edaz de Vivar, quien dio la bienvenida a los presentes y remarc\u00f3 la figura del Dr. Eduardo Mingo (+), quien fuera el ilustre primer Decano de esta instituci\u00f3n.<\/p>\n<p>Acto seguido, el Rector Prof. Ing. Gonz\u00e1lez, se dirigi\u00f3 a los presentes, se\u00f1alando e historiando todo el proceso que signific\u00f3 la formaci\u00f3n de la Universidad Nacional de Itap\u00faa y dentro de ella, la Facultad de Medicina, como una de sus dos primeras facultades.\u00a0 Record\u00f3 tambi\u00e9n de manera sentida, a su primer Decano, con quien, seg\u00fan lo expresado por \u00e9l mismo, trabaj\u00f3 en forma proficua y organizada hasta sentar las primeras bases que se convirtieron en la piedra angular de esta instituci\u00f3n, que hoy goza de varias acreditaciones a nivel nacional y regional.<\/p>\n<p>Dirigi\u00e9ndose a los estudiantes, el Ing. Gonz\u00e1lez, les manifest\u00f3 el privilegio al que han accedido, ingresando a una instituci\u00f3n de educaci\u00f3n superior como esta, inst\u00e1ndolos a no decaer en sus esfuerzos, para as\u00ed lograr muy pronto sus objetivos.<\/p>\n<p>Seguidamente, se llev\u00f3 a cabo un minuto de silencio, por quien en vida fuera el primer Decano de la Facultad de Medicina UNI, Prof. Dr. Eduardo Mingo, y por la estudiante Tamara Shabnam Pakravan Serv\u00edn, ingresante n\u00famero 34 para el per\u00edodo lectivo 2022.<\/p>\n<p>Tras este emotivo momento, fue entregada, por el Rector de la UNI, una placa de reconocimiento por su entrega, dedicaci\u00f3n e invaluable aporte en la organizaci\u00f3n y consolidaci\u00f3n de la instituci\u00f3n, al Dr. Eduardo Mingo (+); la misma fue recibida por la Sra. Selva Bogado Jojot Vda. de Mingo, quien a la vez recibi\u00f3 un prendedor de filigrana por parte del rectorado y un ramo de flores de manos del Decano. La Ing. Gladys Mingo (hija) y el joven Emiliano Mingo (nieto), quienes tambi\u00e9n asistieron al evento, recibieron broches recordatorios de los 25 a\u00f1os de la UNI.<\/p>\n<p>La Gobernaci\u00f3n del Departamento de Itap\u00faa, tambi\u00e9n tuvo su momento de reconocimiento, con una placa \u201cPor su gesti\u00f3n institucional para la construcci\u00f3n del nuevo edificio de la Facultad de Medicina de la UNI\u201d; en representaci\u00f3n de la mencionada instituci\u00f3n, recibi\u00f3 la misma la Abg. Andrea Cuenca.<\/p>\n<p>Finalmente, se llev\u00f3 a cabo la tradicional y simb\u00f3lica lectura de la n\u00f3mina de ingresantes al primer curso de la carrera de medicina de esta unidad acad\u00e9mica, para el per\u00edodo lectivo 2022, conocida como \u201cprimer llamado de lista\u201d que estuvo a cargo de la Abg. Anita Gysin Romaniuk, Secretaria General. Las autoridades universitarias e invitados especiales, acompa\u00f1aron de pie y con aplausos este momento, que da la bienvenida a los j\u00f3venes que desde hoy son parte de esta casa de estudios superiores.<\/p>\n<div id='gallery-1' class='gallery galleryid-79349 gallery-columns-3 gallery-size-colormag-featured-image'><figure class='gallery-item'>\n\t\t\t<div class='gallery-icon landscape'>\n\t\t\t\t<a href='https:\/\/archivo.uni.edu.py\/2018-2023\/2022\/03\/07\/inicio-de-la-actividades-academicas-de-la-facultad-de-medicina-uni-homenaje-postumo-al-primer-decano-prof-dr-eduardo-mingo-y-homenaje-a-la-gobernacion-de-itapua\/inaug2\/'><img width=\"800\" height=\"445\" src=\"https:\/\/archivo.uni.edu.py\/2018-2023\/wp-content\/uploads\/2022\/03\/inaug2-800x445.jpg\" class=\"attachment-colormag-featured-image size-colormag-featured-image\" alt=\"\" loading=\"lazy\" \/><\/a>\n\t\t\t<\/div><\/figure><figure class='gallery-item'>\n\t\t\t<div class='gallery-icon landscape'>\n\t\t\t\t<a href='https:\/\/archivo.uni.edu.py\/2018-2023\/2022\/03\/07\/inicio-de-la-actividades-academicas-de-la-facultad-de-medicina-uni-homenaje-postumo-al-primer-decano-prof-dr-eduardo-mingo-y-homenaje-a-la-gobernacion-de-itapua\/inaug3-2\/'><img width=\"800\" height=\"445\" src=\"https:\/\/archivo.uni.edu.py\/2018-2023\/wp-content\/uploads\/2022\/03\/inaug3-1-800x445.jpg\" class=\"attachment-colormag-featured-image size-colormag-featured-image\" alt=\"\" loading=\"lazy\" \/><\/a>\n\t\t\t<\/div><\/figure>\n\t\t<\/div>\n\n<\/div>\n","protected":false},"excerpt":{"rendered":"<p>Con la presencia del Se\u00f1or Rector de la Universidad Nacional de Itap\u00faa, Prof. Ing. Hildegardo Gonz\u00e1lez, autoridades, docentes, funcionarios, estudiantes<\/p>\n","protected":false},"author":4,"featured_media":79350,"comment_status":"open","ping_status":"open","sticky":false,"template":"","format":"standard","meta":[],"categories":[746],"tags":[350],"_links":{"self":[{"href":"https:\/\/archivo.uni.edu.py\/2018-2023\/wp-json\/wp\/v2\/posts\/79349"}],"collection":[{"href":"https:\/\/archivo.uni.edu.py\/2018-2023\/wp-json\/wp\/v2\/posts"}],"about":[{"href":"https:\/\/archivo.uni.edu.py\/2018-2023\/wp-json\/wp\/v2\/types\/post"}],"author":[{"embeddable":true,"href":"https:\/\/archivo.uni.edu.py\/2018-2023\/wp-json\/wp\/v2\/users\/4"}],"replies":[{"embeddable":true,"href":"https:\/\/archivo.uni.edu.py\/2018-2023\/wp-json\/wp\/v2\/comments?post=79349"}],"version-history":[{"count":1,"href":"https:\/\/archivo.uni.edu.py\/2018-2023\/wp-json\/wp\/v2\/posts\/79349\/revisions"}],"predecessor-version":[{"id":79354,"href":"https:\/\/archivo.uni.edu.py\/2018-2023\/wp-json\/wp\/v2\/posts\/79349\/revisions\/79354"}],"wp:featuredmedia":[{"embeddable":true,"href":"https:\/\/archivo.uni.edu.py\/2018-2023\/wp-json\/wp\/v2\/media\/79350"}],"wp:attachment":[{"href":"https:\/\/archivo.uni.edu.py\/2018-2023\/wp-json\/wp\/v2\/media?parent=79349"}],"wp:term":[{"taxonomy":"category","embeddable":true,"href":"https:\/\/archivo.uni.edu.py\/2018-2023\/wp-json\/wp\/v2\/categories?post=79349"},{"taxonomy":"post_tag","embeddable":true,"href":"https:\/\/archivo.uni.edu.py\/2018-2023\/wp-json\/wp\/v2\/tags?post=79349"}],"curies":[{"name":"wp","href":"https:\/\/api.w.org\/{rel}","templated":true}]}}