{"id":73042,"date":"2021-02-11T22:12:48","date_gmt":"2021-02-12T01:12:48","guid":{"rendered":"http:\/\/uni.edu.py\/?p=73042"},"modified":"2021-02-11T22:12:48","modified_gmt":"2021-02-12T01:12:48","slug":"excelente-webinar-internacional-sobre-bioetica-biojuridica-y-la-vacunacion-en-tiempos-de-covid-19","status":"publish","type":"post","link":"https:\/\/archivo.uni.edu.py\/2018-2023\/2021\/02\/11\/excelente-webinar-internacional-sobre-bioetica-biojuridica-y-la-vacunacion-en-tiempos-de-covid-19\/","title":{"rendered":"Excelente Webinar Internacional sobre \u201cBio\u00e9tica, Biojur\u00eddica y la vacunaci\u00f3n en tiempos de COVID-19\u201d"},"content":{"rendered":"<p>Teniendo en cuenta la pandemia del Covid 19, el uso de las vacunas y la vacunaci\u00f3n, que est\u00e1 en el centro de insistentes debates en la opini\u00f3n p\u00fablica, la discusi\u00f3n sobre la bio\u00e9tica y biojur\u00eddica, la Universidad Nacional de Itap\u00faa (UNI), no quiso estar ajeno a esta realidad que hoy afecta al planeta, y a trav\u00e9s de la Facultad de Ciencias y Tecnolog\u00eda (FaCyT) y la Facultad de Medicina de la Universidad Nacional de Itap\u00faa, llev\u00f3 a cabo el excelente webinar Internacional, denominado \u201cBio\u00e9tica, Biojur\u00eddica y la vacunaci\u00f3n en tiempos de COVID-19\u201d, dirigido al p\u00fablico en general, que cont\u00f3 con la participaci\u00f3n de destacados expertos Dr. Ricardo P\u00e1ez Moreno y el Dr. V\u00edctor Mart\u00ednez Bull\u00e9 Goyri de la Universidad Nacional Aut\u00f3noma de M\u00e9xico, UNAM. Del mismo tom\u00f3 parte el Prof. Ing. Hildegardo Gonz\u00e1lez Irala, Rector de la UNI, as\u00ed como el Dr. Hermenegildo Cohene, decano de Fa<br \/>\nCyT; el Dr. Dr. Claudio D\u00edaz de Vivar, decano de la Facultad de Medicina UNI. \u00a0Igualmente el Dr. Mariano Adolfo Pacher Morel, Rector de la Universidad Nacional de Canindey\u00fa y el Dr. Jos\u00e9 Manuel Silvero Ar\u00e9valos, Docente Investigador de la Universidad Nacional de Asunci\u00f3n (UNA) y de la Universidad Nacional del Este (UNE)<\/p>\n<p>En el transcurso del webinario, los expertos mundiales, as\u00ed como los directivos de la Universidad intercambiaron posturas, pareceres y brindaron reflexiones.<\/p>\n<p>Los ponentes clarificaron interrogantes, explicaron detalladamente cada uno de los aspectos y los avances de investigaci\u00f3n sobre el Covid 19, as\u00ed como el desarrollo de las vacunas, y sobre los temas bio\u00e9ticos, morales y jur\u00eddicos que se desatan en los diversos \u00e1mbitos.<\/p>\n<p>El Decano de la FaCyt, brind\u00f3 la bienvenida a los conferencistas, para iniciar el desarrollo de las tem\u00e1ticas.<\/p>\n<p>Por su parte, el Rector de la UNI, luego de saludar a los ponentes y participantes, expres\u00f3 que para la Universidad Nacional de Itap\u00faa los temas escogidos para el webinario internacional, son de mucha actualidad, teniendo en cuenta que la pandemia afecta a todos y en todos los \u00f3rdenes, incluso a los pa\u00edses m\u00e1s desarrollados. Acot\u00f3 que cuando se empieza a trabajar sobre los preventivos y ant\u00eddotos, esto plantea varias interrogantes desde el punto de vista cient\u00edfico, bio\u00e9tico y moral, jur\u00eddico. Por eso consider\u00f3 el webinario de trascendente, para que las personas puedan participar, volver a ver a trav\u00e9s de lo digital y escuchar de primera fuente la opini\u00f3n de personas versadas en el tema.<\/p>\n<p><strong>El wevinario se podr\u00e1 rever en el siguiente enlace: <a href=\"https:\/\/www.facebook.com\/UniversidadNacionalDeItapua\/videos\/3988079937978069\/\">https:\/\/www.facebook.com\/UniversidadNacionalDeItapua\/videos\/3988079937978069\/<\/a><\/strong><\/p>\n<p><img loading=\"lazy\" class=\"alignnone size-medium wp-image-73044\" src=\"http:\/\/uni.edu.py\/wp-content\/uploads\/2021\/02\/\u00edndice-155x300.jpg\" alt=\"\" width=\"155\" height=\"300\" srcset=\"https:\/\/archivo.uni.edu.py\/2018-2023\/wp-content\/uploads\/2021\/02\/\u00edndice-155x300.jpg 155w, https:\/\/archivo.uni.edu.py\/2018-2023\/wp-content\/uploads\/2021\/02\/\u00edndice-530x1024.jpg 530w, https:\/\/archivo.uni.edu.py\/2018-2023\/wp-content\/uploads\/2021\/02\/\u00edndice.jpg 540w\" sizes=\"(max-width: 155px) 100vw, 155px\" \/><\/p>\n","protected":false},"excerpt":{"rendered":"<p>Teniendo en cuenta la pandemia del Covid 19, el uso de las vacunas y la vacunaci\u00f3n, que est\u00e1 en el<\/p>\n","protected":false},"author":4,"featured_media":73043,"comment_status":"open","ping_status":"open","sticky":false,"template":"","format":"standard","meta":[],"categories":[749],"tags":[697],"_links":{"self":[{"href":"https:\/\/archivo.uni.edu.py\/2018-2023\/wp-json\/wp\/v2\/posts\/73042"}],"collection":[{"href":"https:\/\/archivo.uni.edu.py\/2018-2023\/wp-json\/wp\/v2\/posts"}],"about":[{"href":"https:\/\/archivo.uni.edu.py\/2018-2023\/wp-json\/wp\/v2\/types\/post"}],"author":[{"embeddable":true,"href":"https:\/\/archivo.uni.edu.py\/2018-2023\/wp-json\/wp\/v2\/users\/4"}],"replies":[{"embeddable":true,"href":"https:\/\/archivo.uni.edu.py\/2018-2023\/wp-json\/wp\/v2\/comments?post=73042"}],"version-history":[{"count":1,"href":"https:\/\/archivo.uni.edu.py\/2018-2023\/wp-json\/wp\/v2\/posts\/73042\/revisions"}],"predecessor-version":[{"id":73045,"href":"https:\/\/archivo.uni.edu.py\/2018-2023\/wp-json\/wp\/v2\/posts\/73042\/revisions\/73045"}],"wp:featuredmedia":[{"embeddable":true,"href":"https:\/\/archivo.uni.edu.py\/2018-2023\/wp-json\/wp\/v2\/media\/73043"}],"wp:attachment":[{"href":"https:\/\/archivo.uni.edu.py\/2018-2023\/wp-json\/wp\/v2\/media?parent=73042"}],"wp:term":[{"taxonomy":"category","embeddable":true,"href":"https:\/\/archivo.uni.edu.py\/2018-2023\/wp-json\/wp\/v2\/categories?post=73042"},{"taxonomy":"post_tag","embeddable":true,"href":"https:\/\/archivo.uni.edu.py\/2018-2023\/wp-json\/wp\/v2\/tags?post=73042"}],"curies":[{"name":"wp","href":"https:\/\/api.w.org\/{rel}","templated":true}]}}